{"id":2343,"date":"2026-09-01T09:08:50","date_gmt":"2026-09-01T12:08:50","guid":{"rendered":"https:\/\/monicaacciolyadvocacia.com.br\/blog\/?p=2343"},"modified":"2026-09-01T09:08:52","modified_gmt":"2026-09-01T12:08:52","slug":"aposentado-tres-imoveis-e-o-medo-de-deixar-brigas-o-que-o-planejamento-sucessorio-pode-fazer-por-voce","status":"publish","type":"post","link":"https:\/\/monicaacciolyadvocacia.com.br\/blog\/aposentado-tres-imoveis-e-o-medo-de-deixar-brigas-o-que-o-planejamento-sucessorio-pode-fazer-por-voce\/?id=2343\/","title":{"rendered":"Aposentado, tr\u00eas im\u00f3veis e o medo de deixar brigas: o que o planejamento sucess\u00f3rio pode fazer por voc\u00ea."},"content":{"rendered":"\n<p class=\"has-medium-font-size wp-block-paragraph\"><strong>6.1 Introdu\u00e7\u00e3o<\/strong><\/p>\n\n\n\n<p class=\"has-medium-font-size wp-block-paragraph\">Seu Ant\u00f4nio, 68 anos, encerrou seu ciclo profissional formal ap\u00f3s d\u00e9cadas de atividade ininterrupta. Do fruto de sua dedica\u00e7\u00e3o, construiu um patrim\u00f4nio imobili\u00e1rio composto por tr\u00eas propriedades: o im\u00f3vel residencial onde reside e dois outros destinados \u00e0 loca\u00e7\u00e3o para complementa\u00e7\u00e3o de sua renda. Pai de dois filhos j\u00e1 adultos, observa com satisfa\u00e7\u00e3o a boa conviv\u00eancia entre eles. Entretanto, durante a noite, uma d\u00favida recorrente se faz presente: como assegurar que, em sua aus\u00eancia, essa harmonia permane\u00e7a intacta diante da partilha dos bens?<\/p>\n\n\n\n<p class=\"has-medium-font-size wp-block-paragraph\">Essa apreens\u00e3o \u00e9 compartilhada por in\u00fameros propriet\u00e1rios que atingem a maturidade patrimonial. A transmiss\u00e3o de bens n\u00e3o precisa, contudo, ser uma fonte de incerteza. Por meio de instrumentos jur\u00eddicos consolidados, \u00e9 plenamente vi\u00e1vel disciplinar a destina\u00e7\u00e3o de cada ativo ainda em vida, garantindo estabilidade econ\u00f4mica e paz familiar.<\/p>\n\n\n\n<p class=\"has-medium-font-size wp-block-paragraph\"><strong>6.2 Por que os conflitos sucess\u00f3rios acontecem?<\/strong><\/p>\n\n\n\n<p class=\"has-medium-font-size wp-block-paragraph\">O surgimento de diverg\u00eancias entre herdeiros raramente decorre da aus\u00eancia de afeto pr\u00e9vio. Na maioria dos casos, os desentendimentos derivam da falta de par\u00e2metros objetivos fixados pelo autor da heran\u00e7a e da complexidade da copropriedade for\u00e7ada sobre bens indivis\u00edveis.<\/p>\n\n\n\n<p class=\"has-medium-font-size wp-block-paragraph\">Quando m\u00faltiplos herdeiros tornam-se cond\u00f4minos involunt\u00e1rios de im\u00f3veis com caracter\u00edsticas, liquidez e potenciais de renda distintos, vis\u00f5es divergentes sobre venda, loca\u00e7\u00e3o ou conserva\u00e7\u00e3o tendem a emergir, especialmente em um momento de fragilidade emocional decorrente do luto.<\/p>\n\n\n\n<p class=\"has-medium-font-size wp-block-paragraph\"><strong>6.3 O panorama do patrim\u00f4nio sem planejamento: o processo de invent\u00e1rio<\/strong><\/p>\n\n\n\n<p class=\"has-medium-font-size wp-block-paragraph\">Na falta de disposi\u00e7\u00f5es de \u00faltima vontade ou atos de antecipa\u00e7\u00e3o patrimonial formalizados, todos os bens deixados devem ser submetidos ao processo de invent\u00e1rio \u2014 judicial ou extrajudicial. Durante esse procedimento:<\/p>\n\n\n\n<ul class=\"wp-block-list\">\n<li class=\"has-medium-font-size\">Os bens permanecem vinculados ao esp\u00f3lio, dificultando atos de aliena\u00e7\u00e3o imediata.<\/li>\n\n\n\n<li class=\"has-medium-font-size\">Incidem despesas com o Imposto de Transmiss\u00e3o Causa Mortis e Doa\u00e7\u00e3o (ITCMD), custas judiciais ou cartor\u00e1rias e honor\u00e1rios profissionais.<\/li>\n\n\n\n<li class=\"has-medium-font-size\">A divis\u00e3o do acervo heredit\u00e1rio segue a ordem estrita da voca\u00e7\u00e3o heredit\u00e1ria disposta no C\u00f3digo Civil, sem flexibilidade para acomodar vontades espec\u00edficas que n\u00e3o tenham sido formalizadas.<\/li>\n<\/ul>\n\n\n\n<p class=\"has-medium-font-size wp-block-paragraph\"><strong>6.4 As ferramentas jur\u00eddicas para a governan\u00e7a patrimonial<\/strong><\/p>\n\n\n\n<p class=\"has-medium-font-size wp-block-paragraph\">A legisla\u00e7\u00e3o brasileira confere autonomia ao titular dos bens para estruturar a sucess\u00e3o de forma ordenada e segura, respeitando-se sempre a leg\u00edtima dos herdeiros necess\u00e1rios. Entre os principais instrumentos aplic\u00e1veis, destacam-se:<\/p>\n\n\n\n<ul class=\"wp-block-list\">\n<li class=\"has-medium-font-size\"><strong>Testamento P\u00fablico:<\/strong> Instrumento solene lavrado em Cart\u00f3rio de Notas, pelo qual o titular disp\u00f5e de at\u00e9 50% de seu patrim\u00f4nio total (a parte dispon\u00edvel), permitindo destina\u00e7\u00f5es espec\u00edficas de bens, nomea\u00e7\u00e3o de inventariante e fixa\u00e7\u00e3o de encargos<\/li>\n\n\n\n<li class=\"has-medium-font-size\"><strong>Doa\u00e7\u00e3o em Vida com Reserva de Usufruto:<\/strong> Transfer\u00eancia da nua-propriedade dos im\u00f3veis aos filhos, mantendo o doador o direito exclusivo de usar, habitar e auferir todos os rendimentos de loca\u00e7\u00e3o enquanto viver, garantindo sua subsist\u00eancia integral.<\/li>\n\n\n\n<li class=\"has-medium-font-size\"><strong>Holding Familiar:<\/strong> Estrutura societ\u00e1ria que passa a deter os im\u00f3veis da fam\u00edlia. A transi\u00e7\u00e3o ocorre mediante a doa\u00e7\u00e3o de quotas sociais com regras contratuais r\u00edgidas de administra\u00e7\u00e3o vital\u00edcia, impenhorabilidade, incomunicabilidade e inalienabilidade.<\/li>\n<\/ul>\n\n\n\n<p class=\"has-medium-font-size wp-block-paragraph\"><strong>6.5 Roteiro pr\u00e1tico para o in\u00edcio da organiza\u00e7\u00e3o patrimonial<\/strong><\/p>\n\n\n\n<p class=\"has-medium-font-size wp-block-paragraph\">Para estruturar o planejamento de maneira eficiente, recomenda-se adotar os seguintes procedimentos:<\/p>\n\n\n\n<ul class=\"wp-block-list\">\n<li class=\"has-medium-font-size\">Realizar o levantamento documental completo dos im\u00f3veis (certid\u00f5es de matr\u00edcula atualizadas, certid\u00f5es negativas de d\u00e9bitos e avalia\u00e7\u00f5es de mercado).<\/li>\n\n\n\n<li class=\"has-medium-font-size\">Definir claramente os objetivos priorit\u00e1rios (prote\u00e7\u00e3o da renda na velhice, divis\u00e3o equilibrada de renda entre os filhos ou simplifica\u00e7\u00e3o tribut\u00e1ria).<\/li>\n\n\n\n<li class=\"has-medium-font-size\">Consultar a advocacia especializada para elabora\u00e7\u00e3o de parecer diagn\u00f3stico de viabilidade jur\u00eddica e financeira.<\/li>\n\n\n\n<li class=\"has-medium-font-size\">Formalizar os atos solenes perante os \u00f3rg\u00e3os competentes e manter revis\u00e3o peri\u00f3dica frente a eventuais altera\u00e7\u00f5es legislativas ou familiares.<\/li>\n<\/ul>\n\n\n\n<p class=\"has-medium-font-size wp-block-paragraph\"><strong>6.6 Conclus\u00e3o<\/strong><\/p>\n\n\n\n<p class=\"has-medium-font-size wp-block-paragraph\">Cuidar da transmiss\u00e3o patrimonial \u00e9 um ato de governan\u00e7a e considera\u00e7\u00e3o para com os herdeiros. Ao definir as diretrizes em vida, o propriet\u00e1rio resguarda sua pr\u00f3pria seguran\u00e7a financeira, protege os filhos de disputas evit\u00e1veis e pereniza o legado que construiu.<\/p>\n","protected":false},"excerpt":{"rendered":"<p>6.1 Introdu\u00e7\u00e3o Seu Ant\u00f4nio, 68 anos, encerrou seu ciclo profissional formal ap\u00f3s d\u00e9cadas de atividade ininterrupta. Do fruto de sua dedica\u00e7\u00e3o, construiu um patrim\u00f4nio imobili\u00e1rio composto por tr\u00eas propriedades: o im\u00f3vel residencial onde reside e dois outros destinados \u00e0 loca\u00e7\u00e3o para complementa\u00e7\u00e3o de sua renda. Pai de dois filhos j\u00e1 adultos, observa com satisfa\u00e7\u00e3o a &hellip; <\/p>\n","protected":false},"author":6,"featured_media":2031,"comment_status":"open","ping_status":"open","sticky":false,"template":"","format":"standard","meta":{"footnotes":""},"categories":[1],"tags":[],"class_list":["post-2343","post","type-post","status-publish","format-standard","has-post-thumbnail","hentry","category-uncategorized"],"_links":{"self":[{"href":"https:\/\/monicaacciolyadvocacia.com.br\/blog\/wp-json\/wp\/v2\/posts\/2343","targetHints":{"allow":["GET"]}}],"collection":[{"href":"https:\/\/monicaacciolyadvocacia.com.br\/blog\/wp-json\/wp\/v2\/posts"}],"about":[{"href":"https:\/\/monicaacciolyadvocacia.com.br\/blog\/wp-json\/wp\/v2\/types\/post"}],"author":[{"embeddable":true,"href":"https:\/\/monicaacciolyadvocacia.com.br\/blog\/wp-json\/wp\/v2\/users\/6"}],"replies":[{"embeddable":true,"href":"https:\/\/monicaacciolyadvocacia.com.br\/blog\/wp-json\/wp\/v2\/comments?post=2343"}],"version-history":[{"count":1,"href":"https:\/\/monicaacciolyadvocacia.com.br\/blog\/wp-json\/wp\/v2\/posts\/2343\/revisions"}],"predecessor-version":[{"id":2344,"href":"https:\/\/monicaacciolyadvocacia.com.br\/blog\/wp-json\/wp\/v2\/posts\/2343\/revisions\/2344"}],"wp:featuredmedia":[{"embeddable":true,"href":"https:\/\/monicaacciolyadvocacia.com.br\/blog\/wp-json\/wp\/v2\/media\/2031"}],"wp:attachment":[{"href":"https:\/\/monicaacciolyadvocacia.com.br\/blog\/wp-json\/wp\/v2\/media?parent=2343"}],"wp:term":[{"taxonomy":"category","embeddable":true,"href":"https:\/\/monicaacciolyadvocacia.com.br\/blog\/wp-json\/wp\/v2\/categories?post=2343"},{"taxonomy":"post_tag","embeddable":true,"href":"https:\/\/monicaacciolyadvocacia.com.br\/blog\/wp-json\/wp\/v2\/tags?post=2343"}],"curies":[{"name":"wp","href":"https:\/\/api.w.org\/{rel}","templated":true}]}}